{"id":3732,"date":"2026-03-11T12:21:24","date_gmt":"2026-03-11T11:21:24","guid":{"rendered":"https:\/\/dariuszcieslak.pl\/?p=3732"},"modified":"2026-03-16T12:27:00","modified_gmt":"2026-03-16T11:27:00","slug":"10-mln-zlotych-na-aktywna-wies","status":"publish","type":"post","link":"https:\/\/dariuszcieslak.pl\/?p=3732","title":{"rendered":"10 mln z\u0142otych na Aktywn\u0105 Wie\u015b!"},"content":{"rendered":"\n<p style=\"text-align: justify;\">Minister rolnictwa i rozwoju wsi Stefan Krajewski zapowiedzia\u0142 rozpocz\u0119cie sk\u0142adania wniosk\u00f3w do programu \u201eAktywna wie\u015b\u201d, kt\u00f3ry pozwoli wspiera\u0107 inicjatywy wzmacniaj\u0105ce lokaln\u0105 to\u017csamo\u015b\u0107 i aktywno\u015b\u0107 spo\u0142eczn\u0105 mieszka\u0144c\u00f3w wsi. Na realizacj\u0119 programu przeznaczono 10 mln z\u0142 z bud\u017cetu pa\u0144stwa, a maksymalna wysoko\u015b\u0107 wsparcia dla jednego projektu wyniesie do 15 tys. z\u0142.<\/p>\n<p style=\"text-align: justify;\">Dofinansowanie b\u0119dzie mo\u017cna przeznaczy\u0107 m.in. na:<br \/>&#8211; wydarzenia zwi\u0105zane z kultur\u0105, tradycj\u0105 i to\u017csamo\u015bci\u0105 wsi, np. prezentacje obrz\u0119d\u00f3w ludowych, wyst\u0119py kapel czy pokazy r\u0119kodzie\u0142a,<br \/>&#8211; inicjatywy promuj\u0105ce lokalne produkty i \u017cywno\u015b\u0107 regionaln\u0105, warsztaty kulinarne czy \u015bwi\u0119ta lokalnych produkt\u00f3w,<br \/>&#8211; dzia\u0142ania zwi\u0105zane z ekologi\u0105 i bezpiecze\u0144stwem wsi, w tym szkolenia z pierwszej pomocy i dzia\u0142ania edukacyjne.<\/p>\n<p style=\"text-align: justify;\">Nab\u00f3r wniosk\u00f3w w programie \u201eAktywna wie\u015b\u201d rozpocznie si\u0119 30 marca 2026 r. i potrwa do 30 kwietnia 2026 r. do godz. 15:00.<\/p>\n","protected":false},"excerpt":{"rendered":"<p>Minister rolnictwa i rozwoju wsi Stefan Krajewski zapowiedzia\u0142 rozpocz\u0119cie sk\u0142adania wniosk\u00f3w do programu \u201eAktywna wie\u015b\u201d, kt\u00f3ry pozwoli wspiera\u0107 inicjatywy wzmacniaj\u0105ce lokaln\u0105 to\u017csamo\u015b\u0107 i aktywno\u015b\u0107 spo\u0142eczn\u0105 mieszka\u0144c\u00f3w&#8230;<\/p>\n","protected":false},"author":1,"featured_media":3733,"comment_status":"open","ping_status":"open","sticky":false,"template":"","format":"standard","meta":{"_jetpack_memberships_contains_paid_content":false,"footnotes":""},"categories":[9,8],"tags":[777,40,740],"class_list":["post-3732","post","type-post","status-publish","format-standard","has-post-thumbnail","hentry","category-gmina","category-wazne","tag-dofinansowanie","tag-gmina-sedziejowice","tag-wojt-gminy-sedziejowice","has_thumb","clearfix"],"jetpack_featured_media_url":"https:\/\/dariuszcieslak.pl\/wp-content\/uploads\/2026\/03\/wies.jpg","jetpack_sharing_enabled":true,"_links":{"self":[{"href":"https:\/\/dariuszcieslak.pl\/index.php?rest_route=\/wp\/v2\/posts\/3732","targetHints":{"allow":["GET"]}}],"collection":[{"href":"https:\/\/dariuszcieslak.pl\/index.php?rest_route=\/wp\/v2\/posts"}],"about":[{"href":"https:\/\/dariuszcieslak.pl\/index.php?rest_route=\/wp\/v2\/types\/post"}],"author":[{"embeddable":true,"href":"https:\/\/dariuszcieslak.pl\/index.php?rest_route=\/wp\/v2\/users\/1"}],"replies":[{"embeddable":true,"href":"https:\/\/dariuszcieslak.pl\/index.php?rest_route=%2Fwp%2Fv2%2Fcomments&post=3732"}],"version-history":[{"count":1,"href":"https:\/\/dariuszcieslak.pl\/index.php?rest_route=\/wp\/v2\/posts\/3732\/revisions"}],"predecessor-version":[{"id":3734,"href":"https:\/\/dariuszcieslak.pl\/index.php?rest_route=\/wp\/v2\/posts\/3732\/revisions\/3734"}],"wp:featuredmedia":[{"embeddable":true,"href":"https:\/\/dariuszcieslak.pl\/index.php?rest_route=\/wp\/v2\/media\/3733"}],"wp:attachment":[{"href":"https:\/\/dariuszcieslak.pl\/index.php?rest_route=%2Fwp%2Fv2%2Fmedia&parent=3732"}],"wp:term":[{"taxonomy":"category","embeddable":true,"href":"https:\/\/dariuszcieslak.pl\/index.php?rest_route=%2Fwp%2Fv2%2Fcategories&post=3732"},{"taxonomy":"post_tag","embeddable":true,"href":"https:\/\/dariuszcieslak.pl\/index.php?rest_route=%2Fwp%2Fv2%2Ftags&post=3732"}],"curies":[{"name":"wp","href":"https:\/\/api.w.org\/{rel}","templated":true}]}}