{"id":3724,"date":"2026-03-11T10:52:57","date_gmt":"2026-03-11T09:52:57","guid":{"rendered":"https:\/\/dariuszcieslak.pl\/?p=3724"},"modified":"2026-03-12T11:04:33","modified_gmt":"2026-03-12T10:04:33","slug":"konkurs-aktywny-soltys-2026","status":"publish","type":"post","link":"https:\/\/dariuszcieslak.pl\/?p=3724","title":{"rendered":"Konkurs \u201eAktywny So\u0142tys 2026\u201d"},"content":{"rendered":"\n<p style=\"text-align: justify;\">Zarz\u0105d Wojew\u00f3dztwa \u0141\u00f3dzkiego og\u0142osi\u0142 nab\u00f3r do konkursu \u201eAktywny So\u0142tys 2026\u201d, kt\u00f3rego celem jest wyr\u00f3\u017cnienie najbardziej aktywnych lider\u00f3w lokalnych spo\u0142eczno\u015bci w wojew\u00f3dztwie \u0142\u00f3dzkim.<\/p>\n<p style=\"text-align: justify;\"><b>Jak zg\u0142osi\u0107 so\u0142tysa?<\/b><\/p>\n<p style=\"text-align: justify;\">&#8211; W konkursie mo\u017ce zosta\u0107 zg\u0142oszony tylko jeden kandydat z ka\u017cdej gminy wiejskiej lub miejsko-wiejskiej po\u0142o\u017conej na terenie wojew\u00f3dztwa \u0142\u00f3dzkiego, kt\u00f3ry pe\u0142ni obecnie funkcj\u0119 so\u0142tysa lub by\u0142 so\u0142tysem w przesz\u0142o\u015bci, przy czym w obu przypadkach minimalny okres pe\u0142nienia funkcji nie mo\u017ce by\u0107 kr\u00f3tszy ni\u017c jedna pe\u0142na kadencja.<\/p>\n<p style=\"text-align: justify;\">&#8211; Do zg\u0142oszenia nale\u017cy do\u0142\u0105czy\u0107 opis dzia\u0142alno\u015bci kandydata oraz materia\u0142y ilustruj\u0105ce jego osi\u0105gni\u0119cia, np. zdj\u0119cia przedstawiaj\u0105ce zrealizowane inicjatywy i inwestycje.<\/p>\n<p style=\"text-align: justify;\">&#8211; So\u0142tysa do konkursu zg\u0142asza W\u00f3jt lub Burmistrz Gminy (b\u0105d\u017a ich zast\u0119pca) spo\u015br\u00f3d kandydat\u00f3w wskazanych przez mieszka\u0144c\u00f3w danego so\u0142ectwa.<\/p>\n<p style=\"text-align: justify;\">W ocenie kandydat\u00f3w szczeg\u00f3lnie brane pod uwag\u0119 b\u0119d\u0105 dzia\u0142ania so\u0142tysa na rzecz budowania i integrowania lokalnej spo\u0142eczno\u015bci, zmiany jakie zasz\u0142y w so\u0142ectwie w wyniku jego dzia\u0142alno\u015bci oraz spos\u00f3b wykorzystania \u015brodk\u00f3w finansowych, w tym funduszu so\u0142eckiego i innych dotacji. Komisja konkursowa oceni r\u00f3wnie\u017c dzia\u0142alno\u015b\u0107 spo\u0142eczn\u0105 kandydat\u00f3w, czyli to jak anga\u017cuj\u0105 si\u0119 w \u017cycie wsi, jak j\u0105 reprezentuj\u0105 na zewn\u0105trz i jak wsp\u00f3\u0142pracuj\u0105 ze swoimi gminami.<\/p>\n<p style=\"text-align: justify;\"><b>NAGRODY I WYR\u00d3\u017bNIENIA <\/b><\/p>\n<p style=\"text-align: justify;\">Wy\u0142onionym przez Komisj\u0119 laureatom konkursu zostan\u0105 przyznane nagrody pieni\u0119\u017cne o warto\u015bci:<\/p>\n<p style=\"text-align: justify;\">I miejsce \u2013 5 000 z\u0142,<\/p>\n<p style=\"text-align: justify;\">II miejsce \u2013 4 000 z\u0142,<\/p>\n<p style=\"text-align: justify;\">III miejsce \u2013 3 000 z\u0142.<\/p>\n<p style=\"text-align: justify;\">Dziesi\u0119ciu wyr\u00f3\u017cnionym przez Komisj\u0119 uczestnikom zostan\u0105 przyznane nagrody finansowe w wysoko\u015bci\u00a0 \u00a01 000 z\u0142.<\/p>\n<p style=\"text-align: justify;\">Laureaci I, II i III miejsca oraz wyr\u00f3\u017cnieni uczestnicy konkursu zostan\u0105 uhonorowani tytu\u0142em \u201eAktywny So\u0142tys 2026\u201d.<\/p>\n<p style=\"text-align: justify;\">Zg\u0142oszenia nale\u017cy sk\u0142ada\u0107 do 11 maja 2026 r. do godz. 16:00.<\/p>\n","protected":false},"excerpt":{"rendered":"<p>Zarz\u0105d Wojew\u00f3dztwa \u0141\u00f3dzkiego og\u0142osi\u0142 nab\u00f3r do konkursu \u201eAktywny So\u0142tys 2026\u201d, kt\u00f3rego celem jest wyr\u00f3\u017cnienie najbardziej aktywnych lider\u00f3w lokalnych spo\u0142eczno\u015bci w wojew\u00f3dztwie \u0142\u00f3dzkim. Jak zg\u0142osi\u0107 so\u0142tysa? &#8211;&#8230;<\/p>\n","protected":false},"author":1,"featured_media":3725,"comment_status":"open","ping_status":"open","sticky":false,"template":"","format":"standard","meta":{"_jetpack_memberships_contains_paid_content":false,"footnotes":""},"categories":[9,8],"tags":[7,40,89,740],"class_list":["post-3724","post","type-post","status-publish","format-standard","has-post-thumbnail","hentry","category-gmina","category-wazne","tag-dariusz-cieslak","tag-gmina-sedziejowice","tag-konkurs","tag-wojt-gminy-sedziejowice","has_thumb","clearfix"],"jetpack_featured_media_url":"https:\/\/dariuszcieslak.pl\/wp-content\/uploads\/2026\/03\/soltys.jpg","jetpack_sharing_enabled":true,"_links":{"self":[{"href":"https:\/\/dariuszcieslak.pl\/index.php?rest_route=\/wp\/v2\/posts\/3724","targetHints":{"allow":["GET"]}}],"collection":[{"href":"https:\/\/dariuszcieslak.pl\/index.php?rest_route=\/wp\/v2\/posts"}],"about":[{"href":"https:\/\/dariuszcieslak.pl\/index.php?rest_route=\/wp\/v2\/types\/post"}],"author":[{"embeddable":true,"href":"https:\/\/dariuszcieslak.pl\/index.php?rest_route=\/wp\/v2\/users\/1"}],"replies":[{"embeddable":true,"href":"https:\/\/dariuszcieslak.pl\/index.php?rest_route=%2Fwp%2Fv2%2Fcomments&post=3724"}],"version-history":[{"count":3,"href":"https:\/\/dariuszcieslak.pl\/index.php?rest_route=\/wp\/v2\/posts\/3724\/revisions"}],"predecessor-version":[{"id":3730,"href":"https:\/\/dariuszcieslak.pl\/index.php?rest_route=\/wp\/v2\/posts\/3724\/revisions\/3730"}],"wp:featuredmedia":[{"embeddable":true,"href":"https:\/\/dariuszcieslak.pl\/index.php?rest_route=\/wp\/v2\/media\/3725"}],"wp:attachment":[{"href":"https:\/\/dariuszcieslak.pl\/index.php?rest_route=%2Fwp%2Fv2%2Fmedia&parent=3724"}],"wp:term":[{"taxonomy":"category","embeddable":true,"href":"https:\/\/dariuszcieslak.pl\/index.php?rest_route=%2Fwp%2Fv2%2Fcategories&post=3724"},{"taxonomy":"post_tag","embeddable":true,"href":"https:\/\/dariuszcieslak.pl\/index.php?rest_route=%2Fwp%2Fv2%2Ftags&post=3724"}],"curies":[{"name":"wp","href":"https:\/\/api.w.org\/{rel}","templated":true}]}}