{"id":2883,"date":"2022-09-20T10:51:16","date_gmt":"2022-09-20T08:51:16","guid":{"rendered":"http:\/\/dariuszcieslak.pl\/?p=2883"},"modified":"2022-09-20T10:51:20","modified_gmt":"2022-09-20T08:51:20","slug":"2-miejsce-naszych-dziewczat","status":"publish","type":"post","link":"https:\/\/dariuszcieslak.pl\/?p=2883","title":{"rendered":"2. miejsce naszych dziewcz\u0105t!"},"content":{"rendered":"\n<h4 class=\"wp-block-heading\"><strong>Juniorki m\u0142odsze ze szko\u0142y podstawowej w\u00a0S\u0119dziejowicach wr\u00f3ci\u0142y ze srebrem z\u00a0hali \u0141\u00f3dzkiej Zatoki Sportu, gdzie 18 wrze\u015bnia odby\u0142 si\u0119 Og\u00f3lnopolski Turniej Unihokeja dziewcz\u0105t i\u00a0ch\u0142opc\u00f3w.<\/strong><\/h4>\n\n\n\n<p>W zawodach \u0142\u0105cznie startowa\u0142y 32 dru\u017cyny w\u00a0trzech kategoriach wiekowych. Dziewcz\u0119ta SP w\u00a0S\u0119dziejowicach zdoby\u0142y srebrny medal przegrywaj\u0105c jedynie z\u00a0ubieg\u0142orocznymi Mistrzyniami Polski w\u00a0Igrzyskach M\u0142odzie\u017cy Szkolnej, dru\u017cyn\u0105 LUKS G\u00f3ra \u015awi\u0119tej Ma\u0142gorzaty. Dru\u017cyn\u0119 naszych \u201eSreberek\u201d prowadzi Monika Walczak.<\/p>\n<p>Najlepsz\u0105 zawodniczk\u0105 dru\u017cyny zosta\u0142a wybrana Wiktoria Klimaszewska.<\/p>\n<p><br \/>Sk\u0142ad:<\/p>\n<p>Wiktoria Klimaszewska (kapitan)<br \/>Julia Kapu\u015bci\u0144ska<br \/>Wiktoria Sobala<br \/>Martyna Szyma\u0144ska<br \/>Maja Urbaniak<br \/>Olga \u017bak<br \/>Zuzanna D\u0105browska<br \/>Zuzanna Kozio\u0142<br \/>Milena Marek<br \/>Blanka Koch<br \/>Julia Mirowska<br \/>Anna Krysiak (bramkarz)<\/p>\n<p><br \/>Ch\u0142opcy, pod okiem Janusza Kopki, mimo zaanga\u017cowania, nie awansowali do strefy medalowej.<\/p>\n<p>Unihokej cieszy si\u0119 w\u00a0Gminie S\u0119dziejowice coraz wi\u0119ksz\u0105 popularno\u015bci\u0105, co zaczyna si\u0119 przek\u0142ada\u0107 na sukcesy sportowe. W\u00a0poprzednim roku szkolnym reprezentacja dziewcz\u0105t zdoby\u0142a 4. miejsce w\u00a0wojew\u00f3dztwie \u0142\u00f3dzkim w\u00a0swojej kategorii wiekowej.<\/p>\n","protected":false},"excerpt":{"rendered":"<p>Juniorki m\u0142odsze ze szko\u0142y podstawowej w\u00a0S\u0119dziejowicach wr\u00f3ci\u0142y ze srebrem z\u00a0hali \u0141\u00f3dzkiej Zatoki Sportu, gdzie 18 wrze\u015bnia odby\u0142 si\u0119 Og\u00f3lnopolski Turniej Unihokeja dziewcz\u0105t i\u00a0ch\u0142opc\u00f3w. W zawodach \u0142\u0105cznie&#8230;<\/p>\n","protected":false},"author":1,"featured_media":2884,"comment_status":"open","ping_status":"open","sticky":false,"template":"","format":"standard","meta":{"_jetpack_memberships_contains_paid_content":false,"footnotes":""},"categories":[1],"tags":[],"class_list":["post-2883","post","type-post","status-publish","format-standard","has-post-thumbnail","hentry","category-bez-kategorii","has_thumb","clearfix"],"jetpack_featured_media_url":"https:\/\/dariuszcieslak.pl\/wp-content\/uploads\/2022\/09\/medal_1800.jpg","jetpack_sharing_enabled":true,"_links":{"self":[{"href":"https:\/\/dariuszcieslak.pl\/index.php?rest_route=\/wp\/v2\/posts\/2883","targetHints":{"allow":["GET"]}}],"collection":[{"href":"https:\/\/dariuszcieslak.pl\/index.php?rest_route=\/wp\/v2\/posts"}],"about":[{"href":"https:\/\/dariuszcieslak.pl\/index.php?rest_route=\/wp\/v2\/types\/post"}],"author":[{"embeddable":true,"href":"https:\/\/dariuszcieslak.pl\/index.php?rest_route=\/wp\/v2\/users\/1"}],"replies":[{"embeddable":true,"href":"https:\/\/dariuszcieslak.pl\/index.php?rest_route=%2Fwp%2Fv2%2Fcomments&post=2883"}],"version-history":[{"count":1,"href":"https:\/\/dariuszcieslak.pl\/index.php?rest_route=\/wp\/v2\/posts\/2883\/revisions"}],"predecessor-version":[{"id":2885,"href":"https:\/\/dariuszcieslak.pl\/index.php?rest_route=\/wp\/v2\/posts\/2883\/revisions\/2885"}],"wp:featuredmedia":[{"embeddable":true,"href":"https:\/\/dariuszcieslak.pl\/index.php?rest_route=\/wp\/v2\/media\/2884"}],"wp:attachment":[{"href":"https:\/\/dariuszcieslak.pl\/index.php?rest_route=%2Fwp%2Fv2%2Fmedia&parent=2883"}],"wp:term":[{"taxonomy":"category","embeddable":true,"href":"https:\/\/dariuszcieslak.pl\/index.php?rest_route=%2Fwp%2Fv2%2Fcategories&post=2883"},{"taxonomy":"post_tag","embeddable":true,"href":"https:\/\/dariuszcieslak.pl\/index.php?rest_route=%2Fwp%2Fv2%2Ftags&post=2883"}],"curies":[{"name":"wp","href":"https:\/\/api.w.org\/{rel}","templated":true}]}}