{"id":2856,"date":"2022-08-10T15:06:51","date_gmt":"2022-08-10T13:06:51","guid":{"rendered":"http:\/\/dariuszcieslak.pl\/?p=2856"},"modified":"2022-08-10T15:06:55","modified_gmt":"2022-08-10T13:06:55","slug":"zgloszenia-na-dozynki","status":"publish","type":"post","link":"https:\/\/dariuszcieslak.pl\/?p=2856","title":{"rendered":"Zg\u0142oszenia na Do\u017cynki"},"content":{"rendered":"\n<h4 class=\"wp-block-heading\"><strong>So\u0142ectwa oraz Ko\u0142a Gospody\u0144 Wiejskich z\u00a0terenu powiatu \u0142askiego mog\u0105 zg\u0142asza\u0107 si\u0119 do udzia\u0142u w\u00a0tegorocznych Do\u017cynkach Gminno-Powiatowych. Wydarzenie odb\u0119dzie si\u0119 w\u00a0niedziel\u0119 4 wrze\u015bnia w\u00a0Marzeninie.<\/strong><\/h4>\n\n\n\n<p>Zg\u0142oszenia oraz zapytania mo\u017cna nadsy\u0142a\u0107 do 20 sierpnia do Urz\u0119du Gminy S\u0119dziejowice na adres mailowy\u00a0<span id=\"cloakbdf32fd33338063ecda11f7503fd2894\"><a href=\"mailto:promocja@gminasedzeijowice.pl\">promocja@gminasedziejowice.pl<\/a><\/span>\u00a0lub telefonicznie pod numerem 43 840 00 14.<\/p>\n<p>Do\u017cynki b\u0119d\u0105 cz\u0119\u015bci\u0105 zaplanowanego na pierwszy weekend wrze\u015bnia wydarzenia MotoFolk 2022.<\/p>\n","protected":false},"excerpt":{"rendered":"<p>So\u0142ectwa oraz Ko\u0142a Gospody\u0144 Wiejskich z\u00a0terenu powiatu \u0142askiego mog\u0105 zg\u0142asza\u0107 si\u0119 do udzia\u0142u w\u00a0tegorocznych Do\u017cynkach Gminno-Powiatowych. Wydarzenie odb\u0119dzie si\u0119 w\u00a0niedziel\u0119 4 wrze\u015bnia w\u00a0Marzeninie. Zg\u0142oszenia oraz zapytania&#8230;<\/p>\n","protected":false},"author":1,"featured_media":2857,"comment_status":"open","ping_status":"open","sticky":false,"template":"","format":"standard","meta":{"_jetpack_memberships_contains_paid_content":false,"footnotes":""},"categories":[1],"tags":[],"class_list":["post-2856","post","type-post","status-publish","format-standard","has-post-thumbnail","hentry","category-bez-kategorii","has_thumb","clearfix"],"jetpack_featured_media_url":"https:\/\/dariuszcieslak.pl\/wp-content\/uploads\/2022\/08\/dozynki.jpg","jetpack_sharing_enabled":true,"_links":{"self":[{"href":"https:\/\/dariuszcieslak.pl\/index.php?rest_route=\/wp\/v2\/posts\/2856","targetHints":{"allow":["GET"]}}],"collection":[{"href":"https:\/\/dariuszcieslak.pl\/index.php?rest_route=\/wp\/v2\/posts"}],"about":[{"href":"https:\/\/dariuszcieslak.pl\/index.php?rest_route=\/wp\/v2\/types\/post"}],"author":[{"embeddable":true,"href":"https:\/\/dariuszcieslak.pl\/index.php?rest_route=\/wp\/v2\/users\/1"}],"replies":[{"embeddable":true,"href":"https:\/\/dariuszcieslak.pl\/index.php?rest_route=%2Fwp%2Fv2%2Fcomments&post=2856"}],"version-history":[{"count":1,"href":"https:\/\/dariuszcieslak.pl\/index.php?rest_route=\/wp\/v2\/posts\/2856\/revisions"}],"predecessor-version":[{"id":2858,"href":"https:\/\/dariuszcieslak.pl\/index.php?rest_route=\/wp\/v2\/posts\/2856\/revisions\/2858"}],"wp:featuredmedia":[{"embeddable":true,"href":"https:\/\/dariuszcieslak.pl\/index.php?rest_route=\/wp\/v2\/media\/2857"}],"wp:attachment":[{"href":"https:\/\/dariuszcieslak.pl\/index.php?rest_route=%2Fwp%2Fv2%2Fmedia&parent=2856"}],"wp:term":[{"taxonomy":"category","embeddable":true,"href":"https:\/\/dariuszcieslak.pl\/index.php?rest_route=%2Fwp%2Fv2%2Fcategories&post=2856"},{"taxonomy":"post_tag","embeddable":true,"href":"https:\/\/dariuszcieslak.pl\/index.php?rest_route=%2Fwp%2Fv2%2Ftags&post=2856"}],"curies":[{"name":"wp","href":"https:\/\/api.w.org\/{rel}","templated":true}]}}